{"id":316,"date":"2022-05-18T13:03:47","date_gmt":"2022-05-18T11:03:47","guid":{"rendered":"https:\/\/ksiegowy.fr\/lorem-ipsum-dolor-sit-amet-8\/"},"modified":"2022-06-22T13:38:06","modified_gmt":"2022-06-22T11:38:06","slug":"obowiazkowe-ubezpieczenie-zdrowotne-dla-szefa-spolki","status":"publish","type":"post","link":"https:\/\/www.ksiegowy.fr\/en\/obowiazkowe-ubezpieczenie-zdrowotne-dla-szefa-spolki\/","title":{"rendered":"Obowi\u0105zkowe ubezpieczenie zdrowotne dla szefa sp\u00f3\u0142ki"},"content":{"rendered":"<h1>Obowi\u0105zkowe ubezpieczenie zdrowotne dla szefa sp\u00f3\u0142ki?<\/h1>\n<p>Od 1 stycznia 2016 r. szef sp\u00f3\u0142ki maj\u0105cy status spo\u0142eczny assimil\u00e9 salari\u00e9 korzysta z obowi\u0105zkowego ubezpieczenia zdrowotnego. Poza obowi\u0105zkowym ubezpieczeniem minimalnym, musi wybra\u0107 dodatkowe rozwi\u0105zanie zgodne ze swoimi potrzebami.<\/p>\n<h3>Obowi\u0105zkowe ubezpieczenie zdrowotne<\/h3>\n<p>Fundusz ubezpieczenia zdrowotnego przedsi\u0119biorcy zale\u017cy od jego statusu. Mo\u017ce to by\u0107:<\/p>\n<ul>\n<li>program SSI (RSI) dla TNS<\/li>\n<li>og\u00f3lne ubezpieczenie zdrowotne dla assimil\u00e9 salari\u00e9<\/li>\n<\/ul>\n<p>Bez wzgl\u0119du na sw\u00f3j status (TNS i assimil\u00e9 salari\u00e9) jest obj\u0119ty obowi\u0105zkowym ubezpieczeniem zdrowotnym.<br \/>\nW zale\u017cno\u015bci od tego, czy jest pracownikiem, czy samozatrudnionym, szef firmy nie korzysta z tych samych gwarancji i musi zawrze\u0107 r\u00f3\u017cne umowy ubezpieczeniowe, aby poprawi\u0107 swoj\u0105 ochron\u0119.<\/p>\n<h3>Uzupe\u0142niaj\u0105ce zdrowie<\/h3>\n<p>Szef sp\u00f3\u0142ki mo\u017ce r\u00f3wnie\u017c skorzysta\u0107 z uzupe\u0142niaj\u0105cego ubezpieczenia zdrowotnego, aby poprawi\u0107 sw\u00f3j poziom refundacji.<br \/>\nDodatkowe ubezpieczenie zdrowotne szefa na statusie TNS podlega uldze podatkowej.<br \/>\nUzupe\u0142niaj\u0105ce ubezpieczenie zdrowotne musi refundowa\u0107 cztery rodzaje opieki, z minimaln\u0105 kwot\u0105, tzw panier de soins:<\/p>\n<ul>\n<li>\u00a0cz\u0119\u015b\u0107 koszt\u00f3w konsultacji medycznych<\/li>\n<li>koszty optyki<\/li>\n<li>opieka stomatologiczna dotycz\u0105ca protez i ortodoncji<\/li>\n<\/ul>","protected":false},"excerpt":{"rendered":"Obowi\u0105zkowe ubezpieczenie zdrowotne dla szefa sp\u00f3\u0142ki? Od 1 stycznia 2016 r. szef sp\u00f3\u0142ki maj\u0105cy status&#8230;","protected":false},"author":3,"featured_media":466,"comment_status":"closed","ping_status":"closed","sticky":false,"template":"","format":"standard","meta":{"_acf_changed":false,"footnotes":""},"categories":[20],"tags":[29,28],"class_list":["post-316","post","type-post","status-publish","format-standard","has-post-thumbnail","hentry","category-porady","tag-ubezpieczenie-zdrowotne-dla-szefa-firmy","tag-ubezpieczenie-zdrowotne-we-francji"],"acf":[],"yoast_head":"<!-- This site is optimized with the Yoast SEO Premium plugin v23.8 (Yoast SEO v27.4) - https:\/\/yoast.com\/product\/yoast-seo-premium-wordpress\/ -->\n<title>Obowi\u0105zkowe ubezpieczenie zdrowotne dla szefa sp\u00f3\u0142ki - KSI\u0118GOWY WE FRANCJI<\/title>\n<meta name=\"description\" content=\"Firma we Francji ubezpieczenie zdrowotne mutuelle dla szefa sp\u00f3\u0142ki SAS SARL otwarcie firmy pe\u0142na ksi\u0119gowo\u015b\u0107 bezpiecznie i po polsku\" \/>\n<meta name=\"robots\" content=\"index, follow, max-snippet:-1, max-image-preview:large, max-video-preview:-1\" \/>\n<link rel=\"canonical\" href=\"https:\/\/www.ksiegowy.fr\/en\/obowiazkowe-ubezpieczenie-zdrowotne-dla-szefa-spolki\/\" \/>\n<meta property=\"og:locale\" content=\"en_GB\" \/>\n<meta property=\"og:type\" content=\"article\" \/>\n<meta property=\"og:title\" content=\"Obowi\u0105zkowe ubezpieczenie zdrowotne dla szefa sp\u00f3\u0142ki\" \/>\n<meta property=\"og:description\" content=\"Firma we Francji ubezpieczenie zdrowotne mutuelle dla szefa sp\u00f3\u0142ki SAS SARL otwarcie firmy pe\u0142na ksi\u0119gowo\u015b\u0107 bezpiecznie i po polsku\" \/>\n<meta property=\"og:url\" content=\"https:\/\/www.ksiegowy.fr\/en\/obowiazkowe-ubezpieczenie-zdrowotne-dla-szefa-spolki\/\" \/>\n<meta property=\"og:site_name\" content=\"KSI\u0118GOWY WE FRANCJI\" \/>\n<meta property=\"article:published_time\" content=\"2022-05-18T11:03:47+00:00\" \/>\n<meta property=\"article:modified_time\" content=\"2022-06-22T11:38:06+00:00\" \/>\n<meta property=\"og:image\" content=\"https:\/\/www.ksiegowy.fr\/wp-content\/uploads\/2022\/05\/pomoc-prawna-francja-1.jpg\" \/>\n\t<meta property=\"og:image:width\" content=\"874\" \/>\n\t<meta property=\"og:image:height\" content=\"583\" \/>\n\t<meta property=\"og:image:type\" content=\"image\/jpeg\" \/>\n<meta name=\"author\" content=\"zabinskabotbol\" \/>\n<meta name=\"twitter:card\" content=\"summary_large_image\" \/>\n<meta name=\"twitter:label1\" content=\"Written by\" \/>\n\t<meta name=\"twitter:data1\" content=\"zabinskabotbol\" \/>\n\t<meta name=\"twitter:label2\" content=\"Est. reading time\" \/>\n\t<meta name=\"twitter:data2\" content=\"1 minute\" \/>\n<script type=\"application\/ld+json\" class=\"yoast-schema-graph\">{\"@context\":\"https:\\\/\\\/schema.org\",\"@graph\":[{\"@type\":\"Article\",\"@id\":\"https:\\\/\\\/www.ksiegowy.fr\\\/obowiazkowe-ubezpieczenie-zdrowotne-dla-szefa-spolki\\\/#article\",\"isPartOf\":{\"@id\":\"https:\\\/\\\/www.ksiegowy.fr\\\/obowiazkowe-ubezpieczenie-zdrowotne-dla-szefa-spolki\\\/\"},\"author\":{\"name\":\"zabinskabotbol\",\"@id\":\"https:\\\/\\\/www.ksiegowy.fr\\\/#\\\/schema\\\/person\\\/338ccd46c2e9088ccdeae0570653403a\"},\"headline\":\"Obowi\u0105zkowe ubezpieczenie zdrowotne dla szefa sp\u00f3\u0142ki\",\"datePublished\":\"2022-05-18T11:03:47+00:00\",\"dateModified\":\"2022-06-22T11:38:06+00:00\",\"mainEntityOfPage\":{\"@id\":\"https:\\\/\\\/www.ksiegowy.fr\\\/obowiazkowe-ubezpieczenie-zdrowotne-dla-szefa-spolki\\\/\"},\"wordCount\":192,\"image\":{\"@id\":\"https:\\\/\\\/www.ksiegowy.fr\\\/obowiazkowe-ubezpieczenie-zdrowotne-dla-szefa-spolki\\\/#primaryimage\"},\"thumbnailUrl\":\"https:\\\/\\\/www.ksiegowy.fr\\\/wp-content\\\/uploads\\\/2022\\\/05\\\/pomoc-prawna-francja-1.jpg\",\"keywords\":[\"ubezpieczenie zdrowotne dla szefa firmy\",\"ubezpieczenie zdrowotne we francji\"],\"articleSection\":[\"Porady\"],\"inLanguage\":\"en-GB\"},{\"@type\":\"WebPage\",\"@id\":\"https:\\\/\\\/www.ksiegowy.fr\\\/obowiazkowe-ubezpieczenie-zdrowotne-dla-szefa-spolki\\\/\",\"url\":\"https:\\\/\\\/www.ksiegowy.fr\\\/obowiazkowe-ubezpieczenie-zdrowotne-dla-szefa-spolki\\\/\",\"name\":\"Obowi\u0105zkowe ubezpieczenie zdrowotne dla szefa sp\u00f3\u0142ki - KSI\u0118GOWY WE FRANCJI\",\"isPartOf\":{\"@id\":\"https:\\\/\\\/www.ksiegowy.fr\\\/#website\"},\"primaryImageOfPage\":{\"@id\":\"https:\\\/\\\/www.ksiegowy.fr\\\/obowiazkowe-ubezpieczenie-zdrowotne-dla-szefa-spolki\\\/#primaryimage\"},\"image\":{\"@id\":\"https:\\\/\\\/www.ksiegowy.fr\\\/obowiazkowe-ubezpieczenie-zdrowotne-dla-szefa-spolki\\\/#primaryimage\"},\"thumbnailUrl\":\"https:\\\/\\\/www.ksiegowy.fr\\\/wp-content\\\/uploads\\\/2022\\\/05\\\/pomoc-prawna-francja-1.jpg\",\"datePublished\":\"2022-05-18T11:03:47+00:00\",\"dateModified\":\"2022-06-22T11:38:06+00:00\",\"author\":{\"@id\":\"https:\\\/\\\/www.ksiegowy.fr\\\/#\\\/schema\\\/person\\\/338ccd46c2e9088ccdeae0570653403a\"},\"description\":\"Firma we Francji ubezpieczenie zdrowotne mutuelle dla szefa sp\u00f3\u0142ki SAS SARL otwarcie firmy pe\u0142na ksi\u0119gowo\u015b\u0107 bezpiecznie i po polsku\",\"breadcrumb\":{\"@id\":\"https:\\\/\\\/www.ksiegowy.fr\\\/obowiazkowe-ubezpieczenie-zdrowotne-dla-szefa-spolki\\\/#breadcrumb\"},\"inLanguage\":\"en-GB\",\"potentialAction\":[{\"@type\":\"ReadAction\",\"target\":[\"https:\\\/\\\/www.ksiegowy.fr\\\/obowiazkowe-ubezpieczenie-zdrowotne-dla-szefa-spolki\\\/\"]}]},{\"@type\":\"ImageObject\",\"inLanguage\":\"en-GB\",\"@id\":\"https:\\\/\\\/www.ksiegowy.fr\\\/obowiazkowe-ubezpieczenie-zdrowotne-dla-szefa-spolki\\\/#primaryimage\",\"url\":\"https:\\\/\\\/www.ksiegowy.fr\\\/wp-content\\\/uploads\\\/2022\\\/05\\\/pomoc-prawna-francja-1.jpg\",\"contentUrl\":\"https:\\\/\\\/www.ksiegowy.fr\\\/wp-content\\\/uploads\\\/2022\\\/05\\\/pomoc-prawna-francja-1.jpg\",\"width\":874,\"height\":583},{\"@type\":\"BreadcrumbList\",\"@id\":\"https:\\\/\\\/www.ksiegowy.fr\\\/obowiazkowe-ubezpieczenie-zdrowotne-dla-szefa-spolki\\\/#breadcrumb\",\"itemListElement\":[{\"@type\":\"ListItem\",\"position\":1,\"name\":\"Strona g\u0142\u00f3wna\",\"item\":\"https:\\\/\\\/www.ksiegowy.fr\\\/\"},{\"@type\":\"ListItem\",\"position\":2,\"name\":\"Porady\",\"item\":\"https:\\\/\\\/www.ksiegowy.fr\\\/category\\\/porady\\\/\"},{\"@type\":\"ListItem\",\"position\":3,\"name\":\"Obowi\u0105zkowe ubezpieczenie zdrowotne dla szefa sp\u00f3\u0142ki\"}]},{\"@type\":\"WebSite\",\"@id\":\"https:\\\/\\\/www.ksiegowy.fr\\\/#website\",\"url\":\"https:\\\/\\\/www.ksiegowy.fr\\\/\",\"name\":\"KSI\u0118GOWY WE FRANCJI\",\"description\":\"Autoryzowane biuro ksi\u0119gowe we Francji partner przedsi\u0119biorc\u00f3w bran\u017cy remontowo-budowlanej bezpiecznie i po polsku Ksi\u0119gowo\u015b\u0107 P\u0142ace Finanse\",\"potentialAction\":[{\"@type\":\"SearchAction\",\"target\":{\"@type\":\"EntryPoint\",\"urlTemplate\":\"https:\\\/\\\/www.ksiegowy.fr\\\/?s={search_term_string}\"},\"query-input\":{\"@type\":\"PropertyValueSpecification\",\"valueRequired\":true,\"valueName\":\"search_term_string\"}}],\"inLanguage\":\"en-GB\"},{\"@type\":\"Person\",\"@id\":\"https:\\\/\\\/www.ksiegowy.fr\\\/#\\\/schema\\\/person\\\/338ccd46c2e9088ccdeae0570653403a\",\"name\":\"zabinskabotbol\",\"url\":\"https:\\\/\\\/www.ksiegowy.fr\\\/en\\\/author\\\/zabinskabotbol\\\/\"}]}<\/script>\n<!-- \/ Yoast SEO Premium plugin. -->","yoast_head_json":{"title":"Obowi\u0105zkowe ubezpieczenie zdrowotne dla szefa sp\u00f3\u0142ki - KSI\u0118GOWY WE FRANCJI","description":"Firma we Francji ubezpieczenie zdrowotne mutuelle dla szefa sp\u00f3\u0142ki SAS SARL otwarcie firmy pe\u0142na ksi\u0119gowo\u015b\u0107 bezpiecznie i po polsku","robots":{"index":"index","follow":"follow","max-snippet":"max-snippet:-1","max-image-preview":"max-image-preview:large","max-video-preview":"max-video-preview:-1"},"canonical":"https:\/\/www.ksiegowy.fr\/en\/obowiazkowe-ubezpieczenie-zdrowotne-dla-szefa-spolki\/","og_locale":"en_GB","og_type":"article","og_title":"Obowi\u0105zkowe ubezpieczenie zdrowotne dla szefa sp\u00f3\u0142ki","og_description":"Firma we Francji ubezpieczenie zdrowotne mutuelle dla szefa sp\u00f3\u0142ki SAS SARL otwarcie firmy pe\u0142na ksi\u0119gowo\u015b\u0107 bezpiecznie i po polsku","og_url":"https:\/\/www.ksiegowy.fr\/en\/obowiazkowe-ubezpieczenie-zdrowotne-dla-szefa-spolki\/","og_site_name":"KSI\u0118GOWY WE FRANCJI","article_published_time":"2022-05-18T11:03:47+00:00","article_modified_time":"2022-06-22T11:38:06+00:00","og_image":[{"width":874,"height":583,"url":"https:\/\/www.ksiegowy.fr\/wp-content\/uploads\/2022\/05\/pomoc-prawna-francja-1.jpg","type":"image\/jpeg"}],"author":"zabinskabotbol","twitter_card":"summary_large_image","twitter_misc":{"Written by":"zabinskabotbol","Est. reading time":"1 minute"},"schema":{"@context":"https:\/\/schema.org","@graph":[{"@type":"Article","@id":"https:\/\/www.ksiegowy.fr\/obowiazkowe-ubezpieczenie-zdrowotne-dla-szefa-spolki\/#article","isPartOf":{"@id":"https:\/\/www.ksiegowy.fr\/obowiazkowe-ubezpieczenie-zdrowotne-dla-szefa-spolki\/"},"author":{"name":"zabinskabotbol","@id":"https:\/\/www.ksiegowy.fr\/#\/schema\/person\/338ccd46c2e9088ccdeae0570653403a"},"headline":"Obowi\u0105zkowe ubezpieczenie zdrowotne dla szefa sp\u00f3\u0142ki","datePublished":"2022-05-18T11:03:47+00:00","dateModified":"2022-06-22T11:38:06+00:00","mainEntityOfPage":{"@id":"https:\/\/www.ksiegowy.fr\/obowiazkowe-ubezpieczenie-zdrowotne-dla-szefa-spolki\/"},"wordCount":192,"image":{"@id":"https:\/\/www.ksiegowy.fr\/obowiazkowe-ubezpieczenie-zdrowotne-dla-szefa-spolki\/#primaryimage"},"thumbnailUrl":"https:\/\/www.ksiegowy.fr\/wp-content\/uploads\/2022\/05\/pomoc-prawna-francja-1.jpg","keywords":["ubezpieczenie zdrowotne dla szefa firmy","ubezpieczenie zdrowotne we francji"],"articleSection":["Porady"],"inLanguage":"en-GB"},{"@type":"WebPage","@id":"https:\/\/www.ksiegowy.fr\/obowiazkowe-ubezpieczenie-zdrowotne-dla-szefa-spolki\/","url":"https:\/\/www.ksiegowy.fr\/obowiazkowe-ubezpieczenie-zdrowotne-dla-szefa-spolki\/","name":"Obowi\u0105zkowe ubezpieczenie zdrowotne dla szefa sp\u00f3\u0142ki - KSI\u0118GOWY WE FRANCJI","isPartOf":{"@id":"https:\/\/www.ksiegowy.fr\/#website"},"primaryImageOfPage":{"@id":"https:\/\/www.ksiegowy.fr\/obowiazkowe-ubezpieczenie-zdrowotne-dla-szefa-spolki\/#primaryimage"},"image":{"@id":"https:\/\/www.ksiegowy.fr\/obowiazkowe-ubezpieczenie-zdrowotne-dla-szefa-spolki\/#primaryimage"},"thumbnailUrl":"https:\/\/www.ksiegowy.fr\/wp-content\/uploads\/2022\/05\/pomoc-prawna-francja-1.jpg","datePublished":"2022-05-18T11:03:47+00:00","dateModified":"2022-06-22T11:38:06+00:00","author":{"@id":"https:\/\/www.ksiegowy.fr\/#\/schema\/person\/338ccd46c2e9088ccdeae0570653403a"},"description":"Firma we Francji ubezpieczenie zdrowotne mutuelle dla szefa sp\u00f3\u0142ki SAS SARL otwarcie firmy pe\u0142na ksi\u0119gowo\u015b\u0107 bezpiecznie i po polsku","breadcrumb":{"@id":"https:\/\/www.ksiegowy.fr\/obowiazkowe-ubezpieczenie-zdrowotne-dla-szefa-spolki\/#breadcrumb"},"inLanguage":"en-GB","potentialAction":[{"@type":"ReadAction","target":["https:\/\/www.ksiegowy.fr\/obowiazkowe-ubezpieczenie-zdrowotne-dla-szefa-spolki\/"]}]},{"@type":"ImageObject","inLanguage":"en-GB","@id":"https:\/\/www.ksiegowy.fr\/obowiazkowe-ubezpieczenie-zdrowotne-dla-szefa-spolki\/#primaryimage","url":"https:\/\/www.ksiegowy.fr\/wp-content\/uploads\/2022\/05\/pomoc-prawna-francja-1.jpg","contentUrl":"https:\/\/www.ksiegowy.fr\/wp-content\/uploads\/2022\/05\/pomoc-prawna-francja-1.jpg","width":874,"height":583},{"@type":"BreadcrumbList","@id":"https:\/\/www.ksiegowy.fr\/obowiazkowe-ubezpieczenie-zdrowotne-dla-szefa-spolki\/#breadcrumb","itemListElement":[{"@type":"ListItem","position":1,"name":"Strona g\u0142\u00f3wna","item":"https:\/\/www.ksiegowy.fr\/"},{"@type":"ListItem","position":2,"name":"Porady","item":"https:\/\/www.ksiegowy.fr\/category\/porady\/"},{"@type":"ListItem","position":3,"name":"Obowi\u0105zkowe ubezpieczenie zdrowotne dla szefa sp\u00f3\u0142ki"}]},{"@type":"WebSite","@id":"https:\/\/www.ksiegowy.fr\/#website","url":"https:\/\/www.ksiegowy.fr\/","name":"KSI\u0118GOWY WE FRANCJI","description":"Autoryzowane biuro ksi\u0119gowe we Francji partner przedsi\u0119biorc\u00f3w bran\u017cy remontowo-budowlanej bezpiecznie i po polsku Ksi\u0119gowo\u015b\u0107 P\u0142ace Finanse","potentialAction":[{"@type":"SearchAction","target":{"@type":"EntryPoint","urlTemplate":"https:\/\/www.ksiegowy.fr\/?s={search_term_string}"},"query-input":{"@type":"PropertyValueSpecification","valueRequired":true,"valueName":"search_term_string"}}],"inLanguage":"en-GB"},{"@type":"Person","@id":"https:\/\/www.ksiegowy.fr\/#\/schema\/person\/338ccd46c2e9088ccdeae0570653403a","name":"zabinskabotbol","url":"https:\/\/www.ksiegowy.fr\/en\/author\/zabinskabotbol\/"}]}},"_links":{"self":[{"href":"https:\/\/www.ksiegowy.fr\/en\/wp-json\/wp\/v2\/posts\/316","targetHints":{"allow":["GET"]}}],"collection":[{"href":"https:\/\/www.ksiegowy.fr\/en\/wp-json\/wp\/v2\/posts"}],"about":[{"href":"https:\/\/www.ksiegowy.fr\/en\/wp-json\/wp\/v2\/types\/post"}],"author":[{"embeddable":true,"href":"https:\/\/www.ksiegowy.fr\/en\/wp-json\/wp\/v2\/users\/3"}],"replies":[{"embeddable":true,"href":"https:\/\/www.ksiegowy.fr\/en\/wp-json\/wp\/v2\/comments?post=316"}],"version-history":[{"count":4,"href":"https:\/\/www.ksiegowy.fr\/en\/wp-json\/wp\/v2\/posts\/316\/revisions"}],"predecessor-version":[{"id":474,"href":"https:\/\/www.ksiegowy.fr\/en\/wp-json\/wp\/v2\/posts\/316\/revisions\/474"}],"wp:featuredmedia":[{"embeddable":true,"href":"https:\/\/www.ksiegowy.fr\/en\/wp-json\/wp\/v2\/media\/466"}],"wp:attachment":[{"href":"https:\/\/www.ksiegowy.fr\/en\/wp-json\/wp\/v2\/media?parent=316"}],"wp:term":[{"taxonomy":"category","embeddable":true,"href":"https:\/\/www.ksiegowy.fr\/en\/wp-json\/wp\/v2\/categories?post=316"},{"taxonomy":"post_tag","embeddable":true,"href":"https:\/\/www.ksiegowy.fr\/en\/wp-json\/wp\/v2\/tags?post=316"}],"curies":[{"name":"wp","href":"https:\/\/api.w.org\/{rel}","templated":true}]}}